{"id":2108,"date":"2023-06-30T15:24:40","date_gmt":"2023-06-30T13:24:40","guid":{"rendered":"https:\/\/www.carmeuseoverseas.com\/medaille-dor\/"},"modified":"2024-12-02T12:41:10","modified_gmt":"2024-12-02T11:41:10","slug":"linauguration-de-carmeuse-senegal","status":"publish","type":"post","link":"https:\/\/www.carmeuseoverseas.com\/fr\/linauguration-de-carmeuse-senegal\/","title":{"rendered":"L\u2019Inauguration de Carmeuse S\u00e9n\u00e9gal"},"content":{"rendered":"<div class=\"fusion-fullwidth fullwidth-box fusion-builder-row-1 fusion-flex-container hundred-percent-fullwidth non-hundred-percent-height-scrolling\" style=\"--awb-border-radius-top-left:0px;--awb-border-radius-top-right:0px;--awb-border-radius-bottom-right:0px;--awb-border-radius-bottom-left:0px;--awb-overflow:visible;--awb-flex-wrap:wrap;\" ><div class=\"fusion-builder-row fusion-row fusion-flex-align-items-flex-start fusion-flex-content-wrap\" style=\"width:104% !important;max-width:104% !important;margin-left: calc(-4% \/ 2 );margin-right: calc(-4% \/ 2 );\"><div class=\"fusion-layout-column fusion_builder_column fusion-builder-column-0 fusion_builder_column_1_1 1_1 fusion-flex-column fusion-flex-align-self-flex-start fusion-column-no-min-height\" style=\"--awb-bg-blend:overlay;--awb-bg-size:cover;--awb-width-large:100%;--awb-margin-top-large:0px;--awb-spacing-right-large:1.92%;--awb-margin-bottom-large:0px;--awb-spacing-left-large:1.92%;--awb-width-medium:100%;--awb-spacing-right-medium:1.92%;--awb-spacing-left-medium:1.92%;--awb-width-small:100%;--awb-spacing-right-small:1.92%;--awb-spacing-left-small:1.92%;\"><div class=\"fusion-column-wrapper fusion-flex-justify-content-flex-start fusion-content-layout-column\"><div class=\"fusion-image-element \" style=\"--awb-margin-bottom:45px;--awb-caption-title-font-family:var(--h2_typography-font-family);--awb-caption-title-font-weight:var(--h2_typography-font-weight);--awb-caption-title-font-style:var(--h2_typography-font-style);--awb-caption-title-size:var(--h2_typography-font-size);--awb-caption-title-transform:var(--h2_typography-text-transform);--awb-caption-title-line-height:var(--h2_typography-line-height);--awb-caption-title-letter-spacing:var(--h2_typography-letter-spacing);\"><span class=\" fusion-imageframe imageframe-none imageframe-1 hover-type-none\"><img decoding=\"async\" width=\"1200\" height=\"600\" title=\"Pic 1\" src=\"https:\/\/www.carmeuseoverseas.com\/wp-content\/uploads\/2023\/06\/Pic-1-1.png\" data-orig-src=\"https:\/\/www.carmeuseoverseas.com\/wp-content\/uploads\/2023\/06\/Pic-1-1.png\" alt class=\"lazyload img-responsive wp-image-2127\" srcset=\"data:image\/svg+xml,%3Csvg%20xmlns%3D%27http%3A%2F%2Fwww.w3.org%2F2000%2Fsvg%27%20width%3D%271200%27%20height%3D%27600%27%20viewBox%3D%270%200%201200%20600%27%3E%3Crect%20width%3D%271200%27%20height%3D%27600%27%20fill-opacity%3D%220%22%2F%3E%3C%2Fsvg%3E\" data-srcset=\"https:\/\/www.carmeuseoverseas.com\/wp-content\/uploads\/2023\/06\/Pic-1-1-200x100.png 200w, https:\/\/www.carmeuseoverseas.com\/wp-content\/uploads\/2023\/06\/Pic-1-1-400x200.png 400w, https:\/\/www.carmeuseoverseas.com\/wp-content\/uploads\/2023\/06\/Pic-1-1-600x300.png 600w, https:\/\/www.carmeuseoverseas.com\/wp-content\/uploads\/2023\/06\/Pic-1-1-800x400.png 800w, https:\/\/www.carmeuseoverseas.com\/wp-content\/uploads\/2023\/06\/Pic-1-1.png 1200w\" data-sizes=\"auto\" data-orig-sizes=\"(max-width: 800px) 100vw, (max-width: 640px) 100vw, 1200px\" \/><\/span><\/div><div class=\"fusion-text fusion-text-1\" style=\"--awb-content-alignment:left;\"><p>Le 24 mai 2023, environ 200 personnes ont assist\u00e9 \u00e0 l\u2019Inauguration Officielle de l\u2019usine de Bandia sous la pr\u00e9sidence de son Altesse Royale la Princesse Astrid de Belgique ainsi qu\u2019une d\u00e9l\u00e9gation compos\u00e9e du gouvernement et des chefs d\u2019entreprises belges, en pr\u00e9sence \u00e9galement de la presse belge et s\u00e9n\u00e9galaise, du Gouverneur de Diass et des chefs de village de Bandia de m\u00eame que bien entendu l\u2019\u00e9quipe compl\u00e8te de Carmeuse S\u00e9n\u00e9gal.<\/p>\n<p>Apr\u00e8s un accueil des plus chaleureux, les invit\u00e9s ont profit\u00e9 d\u2019un spectacle de faux lions et de danseurs S\u00e9n\u00e9galais.<\/p>\n<p><img decoding=\"async\" class=\"lazyload alignnone wp-image-2128\" src=\"https:\/\/www.carmeuseoverseas.com\/wp-content\/uploads\/2023\/06\/Pic-2.png\" data-orig-src=\"https:\/\/www.carmeuseoverseas.com\/wp-content\/uploads\/2023\/06\/Pic-2.png\" alt=\"\" width=\"442\" height=\"221\" srcset=\"data:image\/svg+xml,%3Csvg%20xmlns%3D%27http%3A%2F%2Fwww.w3.org%2F2000%2Fsvg%27%20width%3D%27442%27%20height%3D%27221%27%20viewBox%3D%270%200%20442%20221%27%3E%3Crect%20width%3D%27442%27%20height%3D%27221%27%20fill-opacity%3D%220%22%2F%3E%3C%2Fsvg%3E\" data-srcset=\"https:\/\/www.carmeuseoverseas.com\/wp-content\/uploads\/2023\/06\/Pic-2-200x100.png 200w, https:\/\/www.carmeuseoverseas.com\/wp-content\/uploads\/2023\/06\/Pic-2-300x150.png 300w, https:\/\/www.carmeuseoverseas.com\/wp-content\/uploads\/2023\/06\/Pic-2-400x200.png 400w, https:\/\/www.carmeuseoverseas.com\/wp-content\/uploads\/2023\/06\/Pic-2-600x300.png 600w, https:\/\/www.carmeuseoverseas.com\/wp-content\/uploads\/2023\/06\/Pic-2-768x384.png 768w, https:\/\/www.carmeuseoverseas.com\/wp-content\/uploads\/2023\/06\/Pic-2-800x400.png 800w, https:\/\/www.carmeuseoverseas.com\/wp-content\/uploads\/2023\/06\/Pic-2-1024x512.png 1024w, https:\/\/www.carmeuseoverseas.com\/wp-content\/uploads\/2023\/06\/Pic-2.png 1200w\" data-sizes=\"auto\" data-orig-sizes=\"(max-width: 442px) 100vw, 442px\" \/><\/p>\n<p>La d\u00e9l\u00e9gation officielle a visit\u00e9 l\u2019usine et l\u2019exploitation agricole avec notre op\u00e9rateur four, M. Dione qui a guid\u00e9 la visite.<\/p>\n<p><img decoding=\"async\" class=\"lazyload alignnone wp-image-2130\" src=\"https:\/\/www.carmeuseoverseas.com\/wp-content\/uploads\/2023\/06\/Pic-3.png\" data-orig-src=\"https:\/\/www.carmeuseoverseas.com\/wp-content\/uploads\/2023\/06\/Pic-3.png\" alt=\"\" width=\"448\" height=\"224\" srcset=\"data:image\/svg+xml,%3Csvg%20xmlns%3D%27http%3A%2F%2Fwww.w3.org%2F2000%2Fsvg%27%20width%3D%27448%27%20height%3D%27224%27%20viewBox%3D%270%200%20448%20224%27%3E%3Crect%20width%3D%27448%27%20height%3D%27224%27%20fill-opacity%3D%220%22%2F%3E%3C%2Fsvg%3E\" data-srcset=\"https:\/\/www.carmeuseoverseas.com\/wp-content\/uploads\/2023\/06\/Pic-3-200x100.png 200w, https:\/\/www.carmeuseoverseas.com\/wp-content\/uploads\/2023\/06\/Pic-3-300x150.png 300w, https:\/\/www.carmeuseoverseas.com\/wp-content\/uploads\/2023\/06\/Pic-3-400x200.png 400w, https:\/\/www.carmeuseoverseas.com\/wp-content\/uploads\/2023\/06\/Pic-3-600x300.png 600w, https:\/\/www.carmeuseoverseas.com\/wp-content\/uploads\/2023\/06\/Pic-3-768x384.png 768w, https:\/\/www.carmeuseoverseas.com\/wp-content\/uploads\/2023\/06\/Pic-3-800x400.png 800w, https:\/\/www.carmeuseoverseas.com\/wp-content\/uploads\/2023\/06\/Pic-3-1024x512.png 1024w, https:\/\/www.carmeuseoverseas.com\/wp-content\/uploads\/2023\/06\/Pic-3.png 1200w\" data-sizes=\"auto\" data-orig-sizes=\"(max-width: 448px) 100vw, 448px\" \/><\/p>\n<p>Ensuite, la Princesse Astrid de Belgique a coup\u00e9 le ruban officiel.<\/p>\n<p><img decoding=\"async\" class=\"lazyload alignnone wp-image-2140\" src=\"https:\/\/www.carmeuseoverseas.com\/wp-content\/uploads\/2023\/06\/Pic-4-1.png\" data-orig-src=\"https:\/\/www.carmeuseoverseas.com\/wp-content\/uploads\/2023\/06\/Pic-4-1.png\" alt=\"\" width=\"448\" height=\"224\" srcset=\"data:image\/svg+xml,%3Csvg%20xmlns%3D%27http%3A%2F%2Fwww.w3.org%2F2000%2Fsvg%27%20width%3D%27448%27%20height%3D%27224%27%20viewBox%3D%270%200%20448%20224%27%3E%3Crect%20width%3D%27448%27%20height%3D%27224%27%20fill-opacity%3D%220%22%2F%3E%3C%2Fsvg%3E\" data-srcset=\"https:\/\/www.carmeuseoverseas.com\/wp-content\/uploads\/2023\/06\/Pic-4-1-200x100.png 200w, https:\/\/www.carmeuseoverseas.com\/wp-content\/uploads\/2023\/06\/Pic-4-1-300x150.png 300w, https:\/\/www.carmeuseoverseas.com\/wp-content\/uploads\/2023\/06\/Pic-4-1-400x200.png 400w, https:\/\/www.carmeuseoverseas.com\/wp-content\/uploads\/2023\/06\/Pic-4-1-600x300.png 600w, https:\/\/www.carmeuseoverseas.com\/wp-content\/uploads\/2023\/06\/Pic-4-1-768x384.png 768w, https:\/\/www.carmeuseoverseas.com\/wp-content\/uploads\/2023\/06\/Pic-4-1-800x400.png 800w, https:\/\/www.carmeuseoverseas.com\/wp-content\/uploads\/2023\/06\/Pic-4-1-1024x512.png 1024w, https:\/\/www.carmeuseoverseas.com\/wp-content\/uploads\/2023\/06\/Pic-4-1.png 1200w\" data-sizes=\"auto\" data-orig-sizes=\"(max-width: 448px) 100vw, 448px\" \/><\/p>\n<p>L\u2019animation a \u00e9t\u00e9 assur\u00e9e par Baaba Maal.<\/p>\n<p><img decoding=\"async\" class=\"lazyload alignnone wp-image-2136\" src=\"https:\/\/www.carmeuseoverseas.com\/wp-content\/uploads\/2023\/06\/Pic-5-1.png\" data-orig-src=\"https:\/\/www.carmeuseoverseas.com\/wp-content\/uploads\/2023\/06\/Pic-5-1.png\" alt=\"\" width=\"450\" height=\"225\" srcset=\"data:image\/svg+xml,%3Csvg%20xmlns%3D%27http%3A%2F%2Fwww.w3.org%2F2000%2Fsvg%27%20width%3D%27450%27%20height%3D%27225%27%20viewBox%3D%270%200%20450%20225%27%3E%3Crect%20width%3D%27450%27%20height%3D%27225%27%20fill-opacity%3D%220%22%2F%3E%3C%2Fsvg%3E\" data-srcset=\"https:\/\/www.carmeuseoverseas.com\/wp-content\/uploads\/2023\/06\/Pic-5-1-200x100.png 200w, https:\/\/www.carmeuseoverseas.com\/wp-content\/uploads\/2023\/06\/Pic-5-1-300x150.png 300w, https:\/\/www.carmeuseoverseas.com\/wp-content\/uploads\/2023\/06\/Pic-5-1-400x200.png 400w, https:\/\/www.carmeuseoverseas.com\/wp-content\/uploads\/2023\/06\/Pic-5-1-600x300.png 600w, https:\/\/www.carmeuseoverseas.com\/wp-content\/uploads\/2023\/06\/Pic-5-1-768x384.png 768w, https:\/\/www.carmeuseoverseas.com\/wp-content\/uploads\/2023\/06\/Pic-5-1-800x400.png 800w, https:\/\/www.carmeuseoverseas.com\/wp-content\/uploads\/2023\/06\/Pic-5-1-1024x512.png 1024w, https:\/\/www.carmeuseoverseas.com\/wp-content\/uploads\/2023\/06\/Pic-5-1.png 1200w\" data-sizes=\"auto\" data-orig-sizes=\"(max-width: 450px) 100vw, 450px\" \/><\/p>\n<p>Enfin, la c\u00e9r\u00e9monie s\u2019est termin\u00e9e par une s\u00e9rie d\u2019allocutions de M. Rodolphe Collinet (Pr\u00e9sident du Conseil d\u2019Administration), le Gouverneur Ndione, M. Willy Borsus (Vice-Pr\u00e9sident de la Wallonie) et finalement M. Hassan Kone (Directeur G\u00e9n\u00e9ral de Carmeuse S\u00e9n\u00e9gal).<\/p>\n<p><img decoding=\"async\" class=\"lazyload alignnone wp-image-2138\" src=\"https:\/\/www.carmeuseoverseas.com\/wp-content\/uploads\/2023\/06\/Pic-6.png\" data-orig-src=\"https:\/\/www.carmeuseoverseas.com\/wp-content\/uploads\/2023\/06\/Pic-6.png\" alt=\"\" width=\"452\" height=\"226\" srcset=\"data:image\/svg+xml,%3Csvg%20xmlns%3D%27http%3A%2F%2Fwww.w3.org%2F2000%2Fsvg%27%20width%3D%27452%27%20height%3D%27226%27%20viewBox%3D%270%200%20452%20226%27%3E%3Crect%20width%3D%27452%27%20height%3D%27226%27%20fill-opacity%3D%220%22%2F%3E%3C%2Fsvg%3E\" data-srcset=\"https:\/\/www.carmeuseoverseas.com\/wp-content\/uploads\/2023\/06\/Pic-6-200x100.png 200w, https:\/\/www.carmeuseoverseas.com\/wp-content\/uploads\/2023\/06\/Pic-6-300x150.png 300w, https:\/\/www.carmeuseoverseas.com\/wp-content\/uploads\/2023\/06\/Pic-6-400x200.png 400w, https:\/\/www.carmeuseoverseas.com\/wp-content\/uploads\/2023\/06\/Pic-6-600x300.png 600w, https:\/\/www.carmeuseoverseas.com\/wp-content\/uploads\/2023\/06\/Pic-6-768x384.png 768w, https:\/\/www.carmeuseoverseas.com\/wp-content\/uploads\/2023\/06\/Pic-6-800x400.png 800w, https:\/\/www.carmeuseoverseas.com\/wp-content\/uploads\/2023\/06\/Pic-6-1024x512.png 1024w, https:\/\/www.carmeuseoverseas.com\/wp-content\/uploads\/2023\/06\/Pic-6.png 1200w\" data-sizes=\"auto\" data-orig-sizes=\"(max-width: 452px) 100vw, 452px\" \/><\/p>\n<\/div><\/div><\/div><\/div><\/div>\n","protected":false},"excerpt":{"rendered":"","protected":false},"author":2,"featured_media":2144,"comment_status":"closed","ping_status":"open","sticky":false,"template":"","format":"standard","meta":{"two_page_speed":[],"footnotes":""},"categories":[67],"tags":[],"class_list":["post-2108","post","type-post","status-publish","format-standard","has-post-thumbnail","hentry","category-general-fr"],"yoast_head":"<!-- This site is optimized with the Yoast SEO plugin v27.4 - https:\/\/yoast.com\/product\/yoast-seo-wordpress\/ -->\n<title>Inauguration carmeuse S\u00e9n\u00e9gal - Carmeuse Overseas<\/title>\n<meta name=\"description\" content=\"L&#039;usine de Bandia a \u00e9t\u00e9 inaugur\u00e9e sous la pr\u00e9sidence de la Princesse Astrid de Belgique, en pr\u00e9sence de responsables belges et s\u00e9n\u00e9galais\" \/>\n<meta name=\"robots\" content=\"index, follow, max-snippet:-1, max-image-preview:large, max-video-preview:-1\" \/>\n<link rel=\"canonical\" href=\"https:\/\/www.carmeuseoverseas.com\/fr\/linauguration-de-carmeuse-senegal\/\" \/>\n<meta property=\"og:locale\" content=\"fr_FR\" \/>\n<meta property=\"og:type\" content=\"article\" \/>\n<meta property=\"og:title\" content=\"Inauguration carmeuse S\u00e9n\u00e9gal - Carmeuse Overseas\" \/>\n<meta property=\"og:description\" content=\"L&#039;usine de Bandia a \u00e9t\u00e9 inaugur\u00e9e sous la pr\u00e9sidence de la Princesse Astrid de Belgique, en pr\u00e9sence de responsables belges et s\u00e9n\u00e9galais\" \/>\n<meta property=\"og:url\" content=\"https:\/\/www.carmeuseoverseas.com\/fr\/linauguration-de-carmeuse-senegal\/\" \/>\n<meta property=\"og:site_name\" content=\"Carmeuse Overseas\" \/>\n<meta property=\"article:published_time\" content=\"2023-06-30T13:24:40+00:00\" \/>\n<meta property=\"article:modified_time\" content=\"2024-12-02T11:41:10+00:00\" \/>\n<meta property=\"og:image\" content=\"https:\/\/www.carmeuseoverseas.com\/wp-content\/uploads\/2023\/06\/Official-Inauguration-Carmeuse-Senegal.png\" \/>\n\t<meta property=\"og:image:width\" content=\"1200\" \/>\n\t<meta property=\"og:image:height\" content=\"600\" \/>\n\t<meta property=\"og:image:type\" content=\"image\/png\" \/>\n<meta name=\"author\" content=\"Claire Hendrikz\" \/>\n<meta name=\"twitter:card\" content=\"summary_large_image\" \/>\n<meta name=\"twitter:label1\" content=\"\u00c9crit par\" \/>\n\t<meta name=\"twitter:data1\" content=\"Claire Hendrikz\" \/>\n\t<meta name=\"twitter:label2\" content=\"Dur\u00e9e de lecture estim\u00e9e\" \/>\n\t<meta name=\"twitter:data2\" content=\"3 minutes\" \/>\n<script type=\"application\/ld+json\" class=\"yoast-schema-graph\">{\"@context\":\"https:\\\/\\\/schema.org\",\"@graph\":[{\"@type\":\"Article\",\"@id\":\"https:\\\/\\\/www.carmeuseoverseas.com\\\/fr\\\/linauguration-de-carmeuse-senegal\\\/#article\",\"isPartOf\":{\"@id\":\"https:\\\/\\\/www.carmeuseoverseas.com\\\/fr\\\/linauguration-de-carmeuse-senegal\\\/\"},\"author\":{\"name\":\"Claire Hendrikz\",\"@id\":\"https:\\\/\\\/www.carmeuseoverseas.com\\\/fr\\\/#\\\/schema\\\/person\\\/0d463ff6a8b63f287adfeb95231471c2\"},\"headline\":\"L\u2019Inauguration de Carmeuse S\u00e9n\u00e9gal\",\"datePublished\":\"2023-06-30T13:24:40+00:00\",\"dateModified\":\"2024-12-02T11:41:10+00:00\",\"mainEntityOfPage\":{\"@id\":\"https:\\\/\\\/www.carmeuseoverseas.com\\\/fr\\\/linauguration-de-carmeuse-senegal\\\/\"},\"wordCount\":659,\"image\":{\"@id\":\"https:\\\/\\\/www.carmeuseoverseas.com\\\/fr\\\/linauguration-de-carmeuse-senegal\\\/#primaryimage\"},\"thumbnailUrl\":\"https:\\\/\\\/www.carmeuseoverseas.com\\\/wp-content\\\/uploads\\\/2023\\\/06\\\/Official-Inauguration-Carmeuse-Senegal.png\",\"articleSection\":[\"G\u00e9n\u00e9ral\"],\"inLanguage\":\"fr-FR\"},{\"@type\":\"WebPage\",\"@id\":\"https:\\\/\\\/www.carmeuseoverseas.com\\\/fr\\\/linauguration-de-carmeuse-senegal\\\/\",\"url\":\"https:\\\/\\\/www.carmeuseoverseas.com\\\/fr\\\/linauguration-de-carmeuse-senegal\\\/\",\"name\":\"Inauguration carmeuse S\u00e9n\u00e9gal - Carmeuse Overseas\",\"isPartOf\":{\"@id\":\"https:\\\/\\\/www.carmeuseoverseas.com\\\/fr\\\/#website\"},\"primaryImageOfPage\":{\"@id\":\"https:\\\/\\\/www.carmeuseoverseas.com\\\/fr\\\/linauguration-de-carmeuse-senegal\\\/#primaryimage\"},\"image\":{\"@id\":\"https:\\\/\\\/www.carmeuseoverseas.com\\\/fr\\\/linauguration-de-carmeuse-senegal\\\/#primaryimage\"},\"thumbnailUrl\":\"https:\\\/\\\/www.carmeuseoverseas.com\\\/wp-content\\\/uploads\\\/2023\\\/06\\\/Official-Inauguration-Carmeuse-Senegal.png\",\"datePublished\":\"2023-06-30T13:24:40+00:00\",\"dateModified\":\"2024-12-02T11:41:10+00:00\",\"author\":{\"@id\":\"https:\\\/\\\/www.carmeuseoverseas.com\\\/fr\\\/#\\\/schema\\\/person\\\/0d463ff6a8b63f287adfeb95231471c2\"},\"description\":\"L'usine de Bandia a \u00e9t\u00e9 inaugur\u00e9e sous la pr\u00e9sidence de la Princesse Astrid de Belgique, en pr\u00e9sence de responsables belges et s\u00e9n\u00e9galais\",\"breadcrumb\":{\"@id\":\"https:\\\/\\\/www.carmeuseoverseas.com\\\/fr\\\/linauguration-de-carmeuse-senegal\\\/#breadcrumb\"},\"inLanguage\":\"fr-FR\",\"potentialAction\":[{\"@type\":\"ReadAction\",\"target\":[\"https:\\\/\\\/www.carmeuseoverseas.com\\\/fr\\\/linauguration-de-carmeuse-senegal\\\/\"]}]},{\"@type\":\"ImageObject\",\"inLanguage\":\"fr-FR\",\"@id\":\"https:\\\/\\\/www.carmeuseoverseas.com\\\/fr\\\/linauguration-de-carmeuse-senegal\\\/#primaryimage\",\"url\":\"https:\\\/\\\/www.carmeuseoverseas.com\\\/wp-content\\\/uploads\\\/2023\\\/06\\\/Official-Inauguration-Carmeuse-Senegal.png\",\"contentUrl\":\"https:\\\/\\\/www.carmeuseoverseas.com\\\/wp-content\\\/uploads\\\/2023\\\/06\\\/Official-Inauguration-Carmeuse-Senegal.png\",\"width\":1200,\"height\":600},{\"@type\":\"BreadcrumbList\",\"@id\":\"https:\\\/\\\/www.carmeuseoverseas.com\\\/fr\\\/linauguration-de-carmeuse-senegal\\\/#breadcrumb\",\"itemListElement\":[{\"@type\":\"ListItem\",\"position\":1,\"name\":\"Home\",\"item\":\"https:\\\/\\\/www.carmeuseoverseas.com\\\/fr\\\/\"},{\"@type\":\"ListItem\",\"position\":2,\"name\":\"L\u2019Inauguration de Carmeuse S\u00e9n\u00e9gal\"}]},{\"@type\":\"WebSite\",\"@id\":\"https:\\\/\\\/www.carmeuseoverseas.com\\\/fr\\\/#website\",\"url\":\"https:\\\/\\\/www.carmeuseoverseas.com\\\/fr\\\/\",\"name\":\"Carmeuse Overseas\",\"description\":\"Lime Supply Revolutionised\",\"potentialAction\":[{\"@type\":\"SearchAction\",\"target\":{\"@type\":\"EntryPoint\",\"urlTemplate\":\"https:\\\/\\\/www.carmeuseoverseas.com\\\/fr\\\/?s={search_term_string}\"},\"query-input\":{\"@type\":\"PropertyValueSpecification\",\"valueRequired\":true,\"valueName\":\"search_term_string\"}}],\"inLanguage\":\"fr-FR\"},{\"@type\":\"Person\",\"@id\":\"https:\\\/\\\/www.carmeuseoverseas.com\\\/fr\\\/#\\\/schema\\\/person\\\/0d463ff6a8b63f287adfeb95231471c2\",\"name\":\"Claire Hendrikz\",\"url\":\"https:\\\/\\\/www.carmeuseoverseas.com\\\/fr\\\/author\\\/claire\\\/\"}]}<\/script>\n<!-- \/ Yoast SEO plugin. -->","yoast_head_json":{"title":"Inauguration carmeuse S\u00e9n\u00e9gal - Carmeuse Overseas","description":"L'usine de Bandia a \u00e9t\u00e9 inaugur\u00e9e sous la pr\u00e9sidence de la Princesse Astrid de Belgique, en pr\u00e9sence de responsables belges et s\u00e9n\u00e9galais","robots":{"index":"index","follow":"follow","max-snippet":"max-snippet:-1","max-image-preview":"max-image-preview:large","max-video-preview":"max-video-preview:-1"},"canonical":"https:\/\/www.carmeuseoverseas.com\/fr\/linauguration-de-carmeuse-senegal\/","og_locale":"fr_FR","og_type":"article","og_title":"Inauguration carmeuse S\u00e9n\u00e9gal - Carmeuse Overseas","og_description":"L'usine de Bandia a \u00e9t\u00e9 inaugur\u00e9e sous la pr\u00e9sidence de la Princesse Astrid de Belgique, en pr\u00e9sence de responsables belges et s\u00e9n\u00e9galais","og_url":"https:\/\/www.carmeuseoverseas.com\/fr\/linauguration-de-carmeuse-senegal\/","og_site_name":"Carmeuse Overseas","article_published_time":"2023-06-30T13:24:40+00:00","article_modified_time":"2024-12-02T11:41:10+00:00","og_image":[{"width":1200,"height":600,"url":"https:\/\/www.carmeuseoverseas.com\/wp-content\/uploads\/2023\/06\/Official-Inauguration-Carmeuse-Senegal.png","type":"image\/png"}],"author":"Claire Hendrikz","twitter_card":"summary_large_image","twitter_misc":{"\u00c9crit par":"Claire Hendrikz","Dur\u00e9e de lecture estim\u00e9e":"3 minutes"},"schema":{"@context":"https:\/\/schema.org","@graph":[{"@type":"Article","@id":"https:\/\/www.carmeuseoverseas.com\/fr\/linauguration-de-carmeuse-senegal\/#article","isPartOf":{"@id":"https:\/\/www.carmeuseoverseas.com\/fr\/linauguration-de-carmeuse-senegal\/"},"author":{"name":"Claire Hendrikz","@id":"https:\/\/www.carmeuseoverseas.com\/fr\/#\/schema\/person\/0d463ff6a8b63f287adfeb95231471c2"},"headline":"L\u2019Inauguration de Carmeuse S\u00e9n\u00e9gal","datePublished":"2023-06-30T13:24:40+00:00","dateModified":"2024-12-02T11:41:10+00:00","mainEntityOfPage":{"@id":"https:\/\/www.carmeuseoverseas.com\/fr\/linauguration-de-carmeuse-senegal\/"},"wordCount":659,"image":{"@id":"https:\/\/www.carmeuseoverseas.com\/fr\/linauguration-de-carmeuse-senegal\/#primaryimage"},"thumbnailUrl":"https:\/\/www.carmeuseoverseas.com\/wp-content\/uploads\/2023\/06\/Official-Inauguration-Carmeuse-Senegal.png","articleSection":["G\u00e9n\u00e9ral"],"inLanguage":"fr-FR"},{"@type":"WebPage","@id":"https:\/\/www.carmeuseoverseas.com\/fr\/linauguration-de-carmeuse-senegal\/","url":"https:\/\/www.carmeuseoverseas.com\/fr\/linauguration-de-carmeuse-senegal\/","name":"Inauguration carmeuse S\u00e9n\u00e9gal - Carmeuse Overseas","isPartOf":{"@id":"https:\/\/www.carmeuseoverseas.com\/fr\/#website"},"primaryImageOfPage":{"@id":"https:\/\/www.carmeuseoverseas.com\/fr\/linauguration-de-carmeuse-senegal\/#primaryimage"},"image":{"@id":"https:\/\/www.carmeuseoverseas.com\/fr\/linauguration-de-carmeuse-senegal\/#primaryimage"},"thumbnailUrl":"https:\/\/www.carmeuseoverseas.com\/wp-content\/uploads\/2023\/06\/Official-Inauguration-Carmeuse-Senegal.png","datePublished":"2023-06-30T13:24:40+00:00","dateModified":"2024-12-02T11:41:10+00:00","author":{"@id":"https:\/\/www.carmeuseoverseas.com\/fr\/#\/schema\/person\/0d463ff6a8b63f287adfeb95231471c2"},"description":"L'usine de Bandia a \u00e9t\u00e9 inaugur\u00e9e sous la pr\u00e9sidence de la Princesse Astrid de Belgique, en pr\u00e9sence de responsables belges et s\u00e9n\u00e9galais","breadcrumb":{"@id":"https:\/\/www.carmeuseoverseas.com\/fr\/linauguration-de-carmeuse-senegal\/#breadcrumb"},"inLanguage":"fr-FR","potentialAction":[{"@type":"ReadAction","target":["https:\/\/www.carmeuseoverseas.com\/fr\/linauguration-de-carmeuse-senegal\/"]}]},{"@type":"ImageObject","inLanguage":"fr-FR","@id":"https:\/\/www.carmeuseoverseas.com\/fr\/linauguration-de-carmeuse-senegal\/#primaryimage","url":"https:\/\/www.carmeuseoverseas.com\/wp-content\/uploads\/2023\/06\/Official-Inauguration-Carmeuse-Senegal.png","contentUrl":"https:\/\/www.carmeuseoverseas.com\/wp-content\/uploads\/2023\/06\/Official-Inauguration-Carmeuse-Senegal.png","width":1200,"height":600},{"@type":"BreadcrumbList","@id":"https:\/\/www.carmeuseoverseas.com\/fr\/linauguration-de-carmeuse-senegal\/#breadcrumb","itemListElement":[{"@type":"ListItem","position":1,"name":"Home","item":"https:\/\/www.carmeuseoverseas.com\/fr\/"},{"@type":"ListItem","position":2,"name":"L\u2019Inauguration de Carmeuse S\u00e9n\u00e9gal"}]},{"@type":"WebSite","@id":"https:\/\/www.carmeuseoverseas.com\/fr\/#website","url":"https:\/\/www.carmeuseoverseas.com\/fr\/","name":"Carmeuse Overseas","description":"Lime Supply Revolutionised","potentialAction":[{"@type":"SearchAction","target":{"@type":"EntryPoint","urlTemplate":"https:\/\/www.carmeuseoverseas.com\/fr\/?s={search_term_string}"},"query-input":{"@type":"PropertyValueSpecification","valueRequired":true,"valueName":"search_term_string"}}],"inLanguage":"fr-FR"},{"@type":"Person","@id":"https:\/\/www.carmeuseoverseas.com\/fr\/#\/schema\/person\/0d463ff6a8b63f287adfeb95231471c2","name":"Claire Hendrikz","url":"https:\/\/www.carmeuseoverseas.com\/fr\/author\/claire\/"}]}},"_links":{"self":[{"href":"https:\/\/www.carmeuseoverseas.com\/fr\/wp-json\/wp\/v2\/posts\/2108","targetHints":{"allow":["GET"]}}],"collection":[{"href":"https:\/\/www.carmeuseoverseas.com\/fr\/wp-json\/wp\/v2\/posts"}],"about":[{"href":"https:\/\/www.carmeuseoverseas.com\/fr\/wp-json\/wp\/v2\/types\/post"}],"author":[{"embeddable":true,"href":"https:\/\/www.carmeuseoverseas.com\/fr\/wp-json\/wp\/v2\/users\/2"}],"replies":[{"embeddable":true,"href":"https:\/\/www.carmeuseoverseas.com\/fr\/wp-json\/wp\/v2\/comments?post=2108"}],"version-history":[{"count":7,"href":"https:\/\/www.carmeuseoverseas.com\/fr\/wp-json\/wp\/v2\/posts\/2108\/revisions"}],"predecessor-version":[{"id":2186,"href":"https:\/\/www.carmeuseoverseas.com\/fr\/wp-json\/wp\/v2\/posts\/2108\/revisions\/2186"}],"wp:featuredmedia":[{"embeddable":true,"href":"https:\/\/www.carmeuseoverseas.com\/fr\/wp-json\/wp\/v2\/media\/2144"}],"wp:attachment":[{"href":"https:\/\/www.carmeuseoverseas.com\/fr\/wp-json\/wp\/v2\/media?parent=2108"}],"wp:term":[{"taxonomy":"category","embeddable":true,"href":"https:\/\/www.carmeuseoverseas.com\/fr\/wp-json\/wp\/v2\/categories?post=2108"},{"taxonomy":"post_tag","embeddable":true,"href":"https:\/\/www.carmeuseoverseas.com\/fr\/wp-json\/wp\/v2\/tags?post=2108"}],"curies":[{"name":"wp","href":"https:\/\/api.w.org\/{rel}","templated":true}]}}